{"id":2790,"date":"2023-01-22T09:30:43","date_gmt":"2023-01-22T08:30:43","guid":{"rendered":"https:\/\/astroissy.fr\/?p=2790"},"modified":"2023-02-13T18:13:21","modified_gmt":"2023-02-13T17:13:21","slug":"perfectionnement-25m-cest-parti","status":"publish","type":"post","link":"https:\/\/astroissy.fr\/index.php\/2023\/01\/22\/perfectionnement-25m-cest-parti\/","title":{"rendered":"Perfectionnement 25m. C&rsquo;est parti !"},"content":{"rendered":"","protected":false},"excerpt":{"rendered":"","protected":false},"author":10,"featured_media":2791,"comment_status":"closed","ping_status":"closed","sticky":false,"template":"","format":"standard","meta":{"footnotes":""},"categories":[1],"tags":[],"class_list":["post-2790","post","type-post","status-publish","format-standard","has-post-thumbnail","hentry","category-non-classe"],"yoast_head":"<!-- This site is optimized with the Yoast SEO plugin v27.4 - https:\/\/yoast.com\/product\/yoast-seo-wordpress\/ -->\n<title>Perfectionnement 25m. C&#039;est parti ! - AST Roissy<\/title>\n<meta name=\"description\" content=\"Les 6 premiers adh\u00e9rents d l&#039;AST Roissy qui voulaient perfectionner leur technique de tir \u00e0 25m ont pu participer avec Herv\u00e9 \u00e0 cette premi\u00e8re session\" \/>\n<meta name=\"robots\" content=\"index, follow, max-snippet:-1, max-image-preview:large, max-video-preview:-1\" \/>\n<link rel=\"canonical\" href=\"https:\/\/astroissy.fr\/index.php\/2023\/01\/22\/perfectionnement-25m-cest-parti\/\" \/>\n<meta property=\"og:locale\" content=\"fr_FR\" \/>\n<meta property=\"og:type\" content=\"article\" \/>\n<meta property=\"og:title\" content=\"Perfectionnement 25m. C&#039;est parti ! - AST Roissy\" \/>\n<meta property=\"og:description\" content=\"Les 6 premiers adh\u00e9rents d l&#039;AST Roissy qui voulaient perfectionner leur technique de tir \u00e0 25m ont pu participer avec Herv\u00e9 \u00e0 cette premi\u00e8re session\" \/>\n<meta property=\"og:url\" content=\"https:\/\/astroissy.fr\/index.php\/2023\/01\/22\/perfectionnement-25m-cest-parti\/\" \/>\n<meta property=\"og:site_name\" content=\"AST Roissy\" \/>\n<meta property=\"article:published_time\" content=\"2023-01-22T08:30:43+00:00\" \/>\n<meta property=\"article:modified_time\" content=\"2023-02-13T17:13:21+00:00\" \/>\n<meta property=\"og:image\" content=\"https:\/\/astroissy.fr\/wp-content\/uploads\/ast_roissy_perfectionnement_tir_a_25m.jpg\" \/>\n\t<meta property=\"og:image:width\" content=\"640\" \/>\n\t<meta property=\"og:image:height\" content=\"480\" \/>\n\t<meta property=\"og:image:type\" content=\"image\/jpeg\" \/>\n<meta name=\"author\" content=\"Herv\u00e9 Dhelin\" \/>\n<meta name=\"twitter:card\" content=\"summary_large_image\" \/>\n<meta name=\"twitter:label1\" content=\"\u00c9crit par\" \/>\n\t<meta name=\"twitter:data1\" content=\"Herv\u00e9 Dhelin\" \/>\n<script type=\"application\/ld+json\" class=\"yoast-schema-graph\">{\"@context\":\"https:\\\/\\\/schema.org\",\"@graph\":[{\"@type\":\"Article\",\"@id\":\"https:\\\/\\\/astroissy.fr\\\/index.php\\\/2023\\\/01\\\/22\\\/perfectionnement-25m-cest-parti\\\/#article\",\"isPartOf\":{\"@id\":\"https:\\\/\\\/astroissy.fr\\\/index.php\\\/2023\\\/01\\\/22\\\/perfectionnement-25m-cest-parti\\\/\"},\"author\":{\"name\":\"Herv\u00e9 Dhelin\",\"@id\":\"https:\\\/\\\/astroissy.fr\\\/#\\\/schema\\\/person\\\/0546318637d51adbbcbf9fb8c0d5e607\"},\"headline\":\"Perfectionnement 25m. C&rsquo;est parti !\",\"datePublished\":\"2023-01-22T08:30:43+00:00\",\"dateModified\":\"2023-02-13T17:13:21+00:00\",\"mainEntityOfPage\":{\"@id\":\"https:\\\/\\\/astroissy.fr\\\/index.php\\\/2023\\\/01\\\/22\\\/perfectionnement-25m-cest-parti\\\/\"},\"wordCount\":5,\"publisher\":{\"@id\":\"https:\\\/\\\/astroissy.fr\\\/#organization\"},\"image\":{\"@id\":\"https:\\\/\\\/astroissy.fr\\\/index.php\\\/2023\\\/01\\\/22\\\/perfectionnement-25m-cest-parti\\\/#primaryimage\"},\"thumbnailUrl\":\"https:\\\/\\\/astroissy.fr\\\/wp-content\\\/uploads\\\/ast_roissy_perfectionnement_tir_a_25m.jpg\",\"articleSection\":[\"News\"],\"inLanguage\":\"fr-FR\"},{\"@type\":\"WebPage\",\"@id\":\"https:\\\/\\\/astroissy.fr\\\/index.php\\\/2023\\\/01\\\/22\\\/perfectionnement-25m-cest-parti\\\/\",\"url\":\"https:\\\/\\\/astroissy.fr\\\/index.php\\\/2023\\\/01\\\/22\\\/perfectionnement-25m-cest-parti\\\/\",\"name\":\"Perfectionnement 25m. C'est parti ! - AST Roissy\",\"isPartOf\":{\"@id\":\"https:\\\/\\\/astroissy.fr\\\/#website\"},\"primaryImageOfPage\":{\"@id\":\"https:\\\/\\\/astroissy.fr\\\/index.php\\\/2023\\\/01\\\/22\\\/perfectionnement-25m-cest-parti\\\/#primaryimage\"},\"image\":{\"@id\":\"https:\\\/\\\/astroissy.fr\\\/index.php\\\/2023\\\/01\\\/22\\\/perfectionnement-25m-cest-parti\\\/#primaryimage\"},\"thumbnailUrl\":\"https:\\\/\\\/astroissy.fr\\\/wp-content\\\/uploads\\\/ast_roissy_perfectionnement_tir_a_25m.jpg\",\"datePublished\":\"2023-01-22T08:30:43+00:00\",\"dateModified\":\"2023-02-13T17:13:21+00:00\",\"description\":\"Les 6 premiers adh\u00e9rents d l'AST Roissy qui voulaient perfectionner leur technique de tir \u00e0 25m ont pu participer avec Herv\u00e9 \u00e0 cette premi\u00e8re session\",\"breadcrumb\":{\"@id\":\"https:\\\/\\\/astroissy.fr\\\/index.php\\\/2023\\\/01\\\/22\\\/perfectionnement-25m-cest-parti\\\/#breadcrumb\"},\"inLanguage\":\"fr-FR\",\"potentialAction\":[{\"@type\":\"ReadAction\",\"target\":[\"https:\\\/\\\/astroissy.fr\\\/index.php\\\/2023\\\/01\\\/22\\\/perfectionnement-25m-cest-parti\\\/\"]}]},{\"@type\":\"ImageObject\",\"inLanguage\":\"fr-FR\",\"@id\":\"https:\\\/\\\/astroissy.fr\\\/index.php\\\/2023\\\/01\\\/22\\\/perfectionnement-25m-cest-parti\\\/#primaryimage\",\"url\":\"https:\\\/\\\/astroissy.fr\\\/wp-content\\\/uploads\\\/ast_roissy_perfectionnement_tir_a_25m.jpg\",\"contentUrl\":\"https:\\\/\\\/astroissy.fr\\\/wp-content\\\/uploads\\\/ast_roissy_perfectionnement_tir_a_25m.jpg\",\"width\":640,\"height\":480,\"caption\":\"AST Roissy perfectionnement tir \u00e0 25m\"},{\"@type\":\"BreadcrumbList\",\"@id\":\"https:\\\/\\\/astroissy.fr\\\/index.php\\\/2023\\\/01\\\/22\\\/perfectionnement-25m-cest-parti\\\/#breadcrumb\",\"itemListElement\":[{\"@type\":\"ListItem\",\"position\":1,\"name\":\"Accueil\",\"item\":\"https:\\\/\\\/astroissy.fr\\\/\"},{\"@type\":\"ListItem\",\"position\":2,\"name\":\"Perfectionnement 25m. C&#8217;est parti !\"}]},{\"@type\":\"WebSite\",\"@id\":\"https:\\\/\\\/astroissy.fr\\\/#website\",\"url\":\"https:\\\/\\\/astroissy.fr\\\/\",\"name\":\"AST Roissy\",\"description\":\"Tir de Comp\u00e9tition, Loisir, Ecole de Tir enfants\",\"publisher\":{\"@id\":\"https:\\\/\\\/astroissy.fr\\\/#organization\"},\"potentialAction\":[{\"@type\":\"SearchAction\",\"target\":{\"@type\":\"EntryPoint\",\"urlTemplate\":\"https:\\\/\\\/astroissy.fr\\\/?s={search_term_string}\"},\"query-input\":{\"@type\":\"PropertyValueSpecification\",\"valueRequired\":true,\"valueName\":\"search_term_string\"}}],\"inLanguage\":\"fr-FR\"},{\"@type\":\"Organization\",\"@id\":\"https:\\\/\\\/astroissy.fr\\\/#organization\",\"name\":\"Association Sportive de Tir de Roissy en France\",\"url\":\"https:\\\/\\\/astroissy.fr\\\/\",\"logo\":{\"@type\":\"ImageObject\",\"inLanguage\":\"fr-FR\",\"@id\":\"https:\\\/\\\/astroissy.fr\\\/#\\\/schema\\\/logo\\\/image\\\/\",\"url\":\"https:\\\/\\\/astroissy.fr\\\/wp-content\\\/uploads\\\/2018\\\/05\\\/cropped-Logo251x300-e1525167134668.jpg\",\"contentUrl\":\"https:\\\/\\\/astroissy.fr\\\/wp-content\\\/uploads\\\/2018\\\/05\\\/cropped-Logo251x300-e1525167134668.jpg\",\"width\":512,\"height\":512,\"caption\":\"Association Sportive de Tir de Roissy en France\"},\"image\":{\"@id\":\"https:\\\/\\\/astroissy.fr\\\/#\\\/schema\\\/logo\\\/image\\\/\"}},{\"@type\":\"Person\",\"@id\":\"https:\\\/\\\/astroissy.fr\\\/#\\\/schema\\\/person\\\/0546318637d51adbbcbf9fb8c0d5e607\",\"name\":\"Herv\u00e9 Dhelin\",\"url\":\"https:\\\/\\\/astroissy.fr\\\/index.php\\\/author\\\/herve\\\/\"}]}<\/script>\n<!-- \/ Yoast SEO plugin. -->","yoast_head_json":{"title":"Perfectionnement 25m. C'est parti ! - AST Roissy","description":"Les 6 premiers adh\u00e9rents d l'AST Roissy qui voulaient perfectionner leur technique de tir \u00e0 25m ont pu participer avec Herv\u00e9 \u00e0 cette premi\u00e8re session","robots":{"index":"index","follow":"follow","max-snippet":"max-snippet:-1","max-image-preview":"max-image-preview:large","max-video-preview":"max-video-preview:-1"},"canonical":"https:\/\/astroissy.fr\/index.php\/2023\/01\/22\/perfectionnement-25m-cest-parti\/","og_locale":"fr_FR","og_type":"article","og_title":"Perfectionnement 25m. C'est parti ! - AST Roissy","og_description":"Les 6 premiers adh\u00e9rents d l'AST Roissy qui voulaient perfectionner leur technique de tir \u00e0 25m ont pu participer avec Herv\u00e9 \u00e0 cette premi\u00e8re session","og_url":"https:\/\/astroissy.fr\/index.php\/2023\/01\/22\/perfectionnement-25m-cest-parti\/","og_site_name":"AST Roissy","article_published_time":"2023-01-22T08:30:43+00:00","article_modified_time":"2023-02-13T17:13:21+00:00","og_image":[{"width":640,"height":480,"url":"https:\/\/astroissy.fr\/wp-content\/uploads\/ast_roissy_perfectionnement_tir_a_25m.jpg","type":"image\/jpeg"}],"author":"Herv\u00e9 Dhelin","twitter_card":"summary_large_image","twitter_misc":{"\u00c9crit par":"Herv\u00e9 Dhelin"},"schema":{"@context":"https:\/\/schema.org","@graph":[{"@type":"Article","@id":"https:\/\/astroissy.fr\/index.php\/2023\/01\/22\/perfectionnement-25m-cest-parti\/#article","isPartOf":{"@id":"https:\/\/astroissy.fr\/index.php\/2023\/01\/22\/perfectionnement-25m-cest-parti\/"},"author":{"name":"Herv\u00e9 Dhelin","@id":"https:\/\/astroissy.fr\/#\/schema\/person\/0546318637d51adbbcbf9fb8c0d5e607"},"headline":"Perfectionnement 25m. C&rsquo;est parti !","datePublished":"2023-01-22T08:30:43+00:00","dateModified":"2023-02-13T17:13:21+00:00","mainEntityOfPage":{"@id":"https:\/\/astroissy.fr\/index.php\/2023\/01\/22\/perfectionnement-25m-cest-parti\/"},"wordCount":5,"publisher":{"@id":"https:\/\/astroissy.fr\/#organization"},"image":{"@id":"https:\/\/astroissy.fr\/index.php\/2023\/01\/22\/perfectionnement-25m-cest-parti\/#primaryimage"},"thumbnailUrl":"https:\/\/astroissy.fr\/wp-content\/uploads\/ast_roissy_perfectionnement_tir_a_25m.jpg","articleSection":["News"],"inLanguage":"fr-FR"},{"@type":"WebPage","@id":"https:\/\/astroissy.fr\/index.php\/2023\/01\/22\/perfectionnement-25m-cest-parti\/","url":"https:\/\/astroissy.fr\/index.php\/2023\/01\/22\/perfectionnement-25m-cest-parti\/","name":"Perfectionnement 25m. C'est parti ! - AST Roissy","isPartOf":{"@id":"https:\/\/astroissy.fr\/#website"},"primaryImageOfPage":{"@id":"https:\/\/astroissy.fr\/index.php\/2023\/01\/22\/perfectionnement-25m-cest-parti\/#primaryimage"},"image":{"@id":"https:\/\/astroissy.fr\/index.php\/2023\/01\/22\/perfectionnement-25m-cest-parti\/#primaryimage"},"thumbnailUrl":"https:\/\/astroissy.fr\/wp-content\/uploads\/ast_roissy_perfectionnement_tir_a_25m.jpg","datePublished":"2023-01-22T08:30:43+00:00","dateModified":"2023-02-13T17:13:21+00:00","description":"Les 6 premiers adh\u00e9rents d l'AST Roissy qui voulaient perfectionner leur technique de tir \u00e0 25m ont pu participer avec Herv\u00e9 \u00e0 cette premi\u00e8re session","breadcrumb":{"@id":"https:\/\/astroissy.fr\/index.php\/2023\/01\/22\/perfectionnement-25m-cest-parti\/#breadcrumb"},"inLanguage":"fr-FR","potentialAction":[{"@type":"ReadAction","target":["https:\/\/astroissy.fr\/index.php\/2023\/01\/22\/perfectionnement-25m-cest-parti\/"]}]},{"@type":"ImageObject","inLanguage":"fr-FR","@id":"https:\/\/astroissy.fr\/index.php\/2023\/01\/22\/perfectionnement-25m-cest-parti\/#primaryimage","url":"https:\/\/astroissy.fr\/wp-content\/uploads\/ast_roissy_perfectionnement_tir_a_25m.jpg","contentUrl":"https:\/\/astroissy.fr\/wp-content\/uploads\/ast_roissy_perfectionnement_tir_a_25m.jpg","width":640,"height":480,"caption":"AST Roissy perfectionnement tir \u00e0 25m"},{"@type":"BreadcrumbList","@id":"https:\/\/astroissy.fr\/index.php\/2023\/01\/22\/perfectionnement-25m-cest-parti\/#breadcrumb","itemListElement":[{"@type":"ListItem","position":1,"name":"Accueil","item":"https:\/\/astroissy.fr\/"},{"@type":"ListItem","position":2,"name":"Perfectionnement 25m. C&#8217;est parti !"}]},{"@type":"WebSite","@id":"https:\/\/astroissy.fr\/#website","url":"https:\/\/astroissy.fr\/","name":"AST Roissy","description":"Tir de Comp\u00e9tition, Loisir, Ecole de Tir enfants","publisher":{"@id":"https:\/\/astroissy.fr\/#organization"},"potentialAction":[{"@type":"SearchAction","target":{"@type":"EntryPoint","urlTemplate":"https:\/\/astroissy.fr\/?s={search_term_string}"},"query-input":{"@type":"PropertyValueSpecification","valueRequired":true,"valueName":"search_term_string"}}],"inLanguage":"fr-FR"},{"@type":"Organization","@id":"https:\/\/astroissy.fr\/#organization","name":"Association Sportive de Tir de Roissy en France","url":"https:\/\/astroissy.fr\/","logo":{"@type":"ImageObject","inLanguage":"fr-FR","@id":"https:\/\/astroissy.fr\/#\/schema\/logo\/image\/","url":"https:\/\/astroissy.fr\/wp-content\/uploads\/2018\/05\/cropped-Logo251x300-e1525167134668.jpg","contentUrl":"https:\/\/astroissy.fr\/wp-content\/uploads\/2018\/05\/cropped-Logo251x300-e1525167134668.jpg","width":512,"height":512,"caption":"Association Sportive de Tir de Roissy en France"},"image":{"@id":"https:\/\/astroissy.fr\/#\/schema\/logo\/image\/"}},{"@type":"Person","@id":"https:\/\/astroissy.fr\/#\/schema\/person\/0546318637d51adbbcbf9fb8c0d5e607","name":"Herv\u00e9 Dhelin","url":"https:\/\/astroissy.fr\/index.php\/author\/herve\/"}]}},"_links":{"self":[{"href":"https:\/\/astroissy.fr\/index.php\/wp-json\/wp\/v2\/posts\/2790","targetHints":{"allow":["GET"]}}],"collection":[{"href":"https:\/\/astroissy.fr\/index.php\/wp-json\/wp\/v2\/posts"}],"about":[{"href":"https:\/\/astroissy.fr\/index.php\/wp-json\/wp\/v2\/types\/post"}],"author":[{"embeddable":true,"href":"https:\/\/astroissy.fr\/index.php\/wp-json\/wp\/v2\/users\/10"}],"replies":[{"embeddable":true,"href":"https:\/\/astroissy.fr\/index.php\/wp-json\/wp\/v2\/comments?post=2790"}],"version-history":[{"count":1,"href":"https:\/\/astroissy.fr\/index.php\/wp-json\/wp\/v2\/posts\/2790\/revisions"}],"predecessor-version":[{"id":2793,"href":"https:\/\/astroissy.fr\/index.php\/wp-json\/wp\/v2\/posts\/2790\/revisions\/2793"}],"wp:featuredmedia":[{"embeddable":true,"href":"https:\/\/astroissy.fr\/index.php\/wp-json\/wp\/v2\/media\/2791"}],"wp:attachment":[{"href":"https:\/\/astroissy.fr\/index.php\/wp-json\/wp\/v2\/media?parent=2790"}],"wp:term":[{"taxonomy":"category","embeddable":true,"href":"https:\/\/astroissy.fr\/index.php\/wp-json\/wp\/v2\/categories?post=2790"},{"taxonomy":"post_tag","embeddable":true,"href":"https:\/\/astroissy.fr\/index.php\/wp-json\/wp\/v2\/tags?post=2790"}],"curies":[{"name":"wp","href":"https:\/\/api.w.org\/{rel}","templated":true}]}}